{"id":16249,"date":"2023-05-19T10:06:02","date_gmt":"2023-05-19T08:06:02","guid":{"rendered":"http:\/\/designall.pl\/de\/?p=16249"},"modified":"2023-05-19T10:14:35","modified_gmt":"2023-05-19T08:14:35","slug":"grupa-designall-na-kongresie-przyszlosci","status":"publish","type":"post","link":"https:\/\/designall.pl\/de\/aktualnosci\/grupa-designall-na-kongresie-przyszlosci\/","title":{"rendered":"Grupa Designall na Kongresie Przysz\u0142o\u015bci"},"content":{"rendered":"<p>[vc_row content_placement=&#8221;middle&#8221;][vc_column width=&#8221;1\/2&#8243;][vc_single_image image=&#8221;16251&#8243; img_size=&#8221;full&#8221;][\/vc_column][vc_column width=&#8221;1\/2&#8243;][vc_row_inner][vc_column_inner][vc_column_text]<\/p>\n<h2>16 maja 2023 r.<\/h2>\n<p>Odby\u0142a si\u0119 VII edycja Kongresu Przysz\u0142o\u015bci. Dla Grupy, okazja do wymiany do\u015bwiadcze\u0144 i wiedzy mi\u0119dzy nauk\u0105, biznesem i samorz\u0105dem. Zr\u00f3wnowa\u017cone budownictwo jako fundament profilu dzia\u0142alno\u015bci grupy Designall doskonale wpisuje si\u0119 w prezentowane na kongresie kierunki rozwoju, w szczeg\u00f3lno\u015bci marki Warmia, wykorzystanie roku Kopernikowskiego a tak\u017ce inteligentnych specjalizacji regionu. Z entuzjazmem uczestniczyli\u015bmy w panelach dyskusyjnych dotycz\u0105cych m.in. inwestycji w spo\u0142eczno\u015bci lokalne, kluczowych kierunk\u00f3w rozwoju Warmii i Mazur oraz szeroko poj\u0119tego bezpiecze\u0144stwa.<br \/>\nCelem Kongresu by\u0142o przede wszystkim zastanowienie si\u0119 nad przysz\u0142o\u015bci\u0105 w aspekcie dynamicznego rozwoju technologii oraz ich wp\u0142ywu na r\u00f3\u017cne aspekty \u017cycia.<\/p>\n<p>[\/vc_column_text][\/vc_column_inner][\/vc_row_inner][\/vc_column][\/vc_row][vc_row][vc_column css=&#8221;.vc_custom_1684484046342{padding-top: 50px !important;}&#8221;][tm_carousel_father speed=&#8221;2000&#8243; spaces=&#8221;15&#8243; slide_visible=&#8221;3&#8243; tabs=&#8221;2&#8243; arrowclr=&#8221;#000000&#8243; arrowposition=&#8221;-20&#8243; dotclr=&#8221;#000000&#8243;][tm_carousel_son img_width=&#8221;500px&#8221; img_height=&#8221;400px&#8221; image_id=&#8221;16253&#8243; contain_url=&#8221;url:http%3A%2F%2Fdesignall.pl%2Fde%2Fwp-content%2Fuploads%2F2023%2F05%2Ffoto-scaled.jpg&#8221;]<\/p>\n<p style=\"text-align: center;\">write any text and make custom design that you want to show.<\/p>\n<p>&nbsp;<\/p>\n<p>[\/tm_carousel_son][tm_carousel_son image_id=&#8221;16254&#8243; img_width=&#8221;500px&#8221; img_height=&#8221;400px&#8221; contain_url=&#8221;url:http%3A%2F%2Fdesignall.pl%2Fde%2Fwp-content%2Fuploads%2F2023%2F05%2Fpartnerzy.jpg&#8221;]<\/p>\n<p style=\"text-align: center;\">write any text and make custom design that you want to show.<\/p>\n<p>&nbsp;<\/p>\n<p>[\/tm_carousel_son][tm_carousel_son image_id=&#8221;16255&#8243; img_width=&#8221;500px&#8221; img_height=&#8221;400px&#8221; contain_url=&#8221;url:http%3A%2F%2Fdesignall.pl%2Fde%2Fwp-content%2Fuploads%2F2023%2F05%2Fagenda.jpg&#8221;]<\/p>\n<p style=\"text-align: center;\">write any text and make custom design that you want to show.<\/p>\n<p>&nbsp;<\/p>\n<p>[\/tm_carousel_son][\/tm_carousel_father][\/vc_column][\/vc_row]<\/p>\n","protected":false},"excerpt":{"rendered":"<p>16 maja 2023 r. odby\u0142a si\u0119 VII edycja Kongresu Przysz\u0142o\u015bci. Dla Grupy, okazja do wymiany do\u015bwiadcze\u0144 i wiedzy mi\u0119dzy nauk\u0105, biznesem i samorz\u0105dem.<\/p>\n","protected":false},"author":1,"featured_media":16250,"comment_status":"open","ping_status":"open","sticky":false,"template":"","format":"standard","meta":[],"categories":[242],"tags":[],"yoast_head":"<!-- This site is optimized with the Yoast SEO plugin v19.3 - https:\/\/yoast.com\/wordpress\/plugins\/seo\/ -->\n<title>Grupa Designall na Kongresie Przysz\u0142o\u015bci - Designall Investitionsmanagement Olsztyn, Immobilien, Ausf\u00fchrung, OZE<\/title>\n<meta name=\"robots\" content=\"index, follow, max-snippet:-1, max-image-preview:large, max-video-preview:-1\" \/>\n<link rel=\"canonical\" href=\"https:\/\/designall.pl\/de\/aktualnosci\/grupa-designall-na-kongresie-przyszlosci\/\" \/>\n<meta property=\"og:locale\" content=\"pl_PL\" \/>\n<meta property=\"og:type\" content=\"article\" \/>\n<meta property=\"og:title\" content=\"Grupa Designall na Kongresie Przysz\u0142o\u015bci - Designall Investitionsmanagement Olsztyn, Immobilien, Ausf\u00fchrung, OZE\" \/>\n<meta property=\"og:description\" content=\"16 maja 2023 r. odby\u0142a si\u0119 VII edycja Kongresu Przysz\u0142o\u015bci. Dla Grupy, okazja do wymiany do\u015bwiadcze\u0144 i wiedzy mi\u0119dzy nauk\u0105, biznesem i samorz\u0105dem.\" \/>\n<meta property=\"og:url\" content=\"https:\/\/designall.pl\/de\/aktualnosci\/grupa-designall-na-kongresie-przyszlosci\/\" \/>\n<meta property=\"og:site_name\" content=\"Designall Investitionsmanagement Olsztyn, Immobilien, Ausf\u00fchrung, OZE\" \/>\n<meta property=\"article:published_time\" content=\"2023-05-19T08:06:02+00:00\" \/>\n<meta property=\"article:modified_time\" content=\"2023-05-19T08:14:35+00:00\" \/>\n<meta property=\"og:image\" content=\"https:\/\/designall.pl\/de\/wp-content\/uploads\/2023\/05\/miniatura-na-1-str.jpg\" \/>\n\t<meta property=\"og:image:width\" content=\"1400\" \/>\n\t<meta property=\"og:image:height\" content=\"1050\" \/>\n\t<meta property=\"og:image:type\" content=\"image\/jpeg\" \/>\n<meta name=\"author\" content=\"admin\" \/>\n<meta name=\"twitter:card\" content=\"summary\" \/>\n<meta name=\"twitter:label1\" content=\"Napisane przez\" \/>\n\t<meta name=\"twitter:data1\" content=\"admin\" \/>\n\t<meta name=\"twitter:label2\" content=\"Szacowany czas czytania\" \/>\n\t<meta name=\"twitter:data2\" content=\"1 minuta\" \/>\n<script type=\"application\/ld+json\" class=\"yoast-schema-graph\">{\"@context\":\"https:\/\/schema.org\",\"@graph\":[{\"@type\":\"Organization\",\"@id\":\"https:\/\/designall.pl\/de\/#organization\",\"name\":\"Designall Investitionsmanagement Olsztyn, Immobilien, Ausf\u00fchrung, OZE\",\"url\":\"https:\/\/designall.pl\/de\/\",\"sameAs\":[],\"logo\":{\"@type\":\"ImageObject\",\"inLanguage\":\"pl-PL\",\"@id\":\"https:\/\/designall.pl\/de\/#\/schema\/logo\/image\/\",\"url\":\"\",\"contentUrl\":\"\",\"caption\":\"Designall Investitionsmanagement Olsztyn, Immobilien, Ausf\u00fchrung, OZE\"},\"image\":{\"@id\":\"https:\/\/designall.pl\/de\/#\/schema\/logo\/image\/\"}},{\"@type\":\"WebSite\",\"@id\":\"https:\/\/designall.pl\/de\/#website\",\"url\":\"https:\/\/designall.pl\/de\/\",\"name\":\"Designall Investitionsmanagement Olsztyn, Immobilien, Ausf\u00fchrung, OZE\",\"description\":\"Die DESIGNALL Group ist ein modernes Architekturdesignstudio, das sich auf zeitlose, funktionale, \u00e4sthetische und einzigartige L\u00f6sungen konzentriert.\",\"publisher\":{\"@id\":\"https:\/\/designall.pl\/de\/#organization\"},\"potentialAction\":[{\"@type\":\"SearchAction\",\"target\":{\"@type\":\"EntryPoint\",\"urlTemplate\":\"https:\/\/designall.pl\/de\/?s={search_term_string}\"},\"query-input\":\"required name=search_term_string\"}],\"inLanguage\":\"pl-PL\"},{\"@type\":\"ImageObject\",\"inLanguage\":\"pl-PL\",\"@id\":\"https:\/\/designall.pl\/de\/aktualnosci\/grupa-designall-na-kongresie-przyszlosci\/#primaryimage\",\"url\":\"https:\/\/designall.pl\/de\/wp-content\/uploads\/2023\/05\/miniatura-na-1-str.jpg\",\"contentUrl\":\"https:\/\/designall.pl\/de\/wp-content\/uploads\/2023\/05\/miniatura-na-1-str.jpg\",\"width\":1400,\"height\":1050},{\"@type\":\"WebPage\",\"@id\":\"https:\/\/designall.pl\/de\/aktualnosci\/grupa-designall-na-kongresie-przyszlosci\/\",\"url\":\"https:\/\/designall.pl\/de\/aktualnosci\/grupa-designall-na-kongresie-przyszlosci\/\",\"name\":\"Grupa Designall na Kongresie Przysz\u0142o\u015bci - Designall Investitionsmanagement Olsztyn, Immobilien, Ausf\u00fchrung, OZE\",\"isPartOf\":{\"@id\":\"https:\/\/designall.pl\/de\/#website\"},\"primaryImageOfPage\":{\"@id\":\"https:\/\/designall.pl\/de\/aktualnosci\/grupa-designall-na-kongresie-przyszlosci\/#primaryimage\"},\"datePublished\":\"2023-05-19T08:06:02+00:00\",\"dateModified\":\"2023-05-19T08:14:35+00:00\",\"breadcrumb\":{\"@id\":\"https:\/\/designall.pl\/de\/aktualnosci\/grupa-designall-na-kongresie-przyszlosci\/#breadcrumb\"},\"inLanguage\":\"pl-PL\",\"potentialAction\":[{\"@type\":\"ReadAction\",\"target\":[\"https:\/\/designall.pl\/de\/aktualnosci\/grupa-designall-na-kongresie-przyszlosci\/\"]}]},{\"@type\":\"BreadcrumbList\",\"@id\":\"https:\/\/designall.pl\/de\/aktualnosci\/grupa-designall-na-kongresie-przyszlosci\/#breadcrumb\",\"itemListElement\":[{\"@type\":\"ListItem\",\"position\":1,\"name\":\"Strona g\u0142\u00f3wna\",\"item\":\"https:\/\/designall.pl\/de\/\"},{\"@type\":\"ListItem\",\"position\":2,\"name\":\"Aktuelles\",\"item\":\"https:\/\/designall.pl\/de\/aktualnosci\/\"},{\"@type\":\"ListItem\",\"position\":3,\"name\":\"Grupa Designall na Kongresie Przysz\u0142o\u015bci\"}]},{\"@type\":\"Article\",\"@id\":\"https:\/\/designall.pl\/de\/aktualnosci\/grupa-designall-na-kongresie-przyszlosci\/#article\",\"isPartOf\":{\"@id\":\"https:\/\/designall.pl\/de\/aktualnosci\/grupa-designall-na-kongresie-przyszlosci\/\"},\"author\":{\"name\":\"admin\",\"@id\":\"https:\/\/designall.pl\/de\/#\/schema\/person\/6336f84683672770dfccb95e1b21a08c\"},\"headline\":\"Grupa Designall na Kongresie Przysz\u0142o\u015bci\",\"datePublished\":\"2023-05-19T08:06:02+00:00\",\"dateModified\":\"2023-05-19T08:14:35+00:00\",\"mainEntityOfPage\":{\"@id\":\"https:\/\/designall.pl\/de\/aktualnosci\/grupa-designall-na-kongresie-przyszlosci\/\"},\"wordCount\":323,\"commentCount\":0,\"publisher\":{\"@id\":\"https:\/\/designall.pl\/de\/#organization\"},\"image\":{\"@id\":\"https:\/\/designall.pl\/de\/aktualnosci\/grupa-designall-na-kongresie-przyszlosci\/#primaryimage\"},\"thumbnailUrl\":\"https:\/\/designall.pl\/de\/wp-content\/uploads\/2023\/05\/miniatura-na-1-str.jpg\",\"articleSection\":[\"Aktuelles\"],\"inLanguage\":\"pl-PL\",\"potentialAction\":[{\"@type\":\"CommentAction\",\"name\":\"Comment\",\"target\":[\"https:\/\/designall.pl\/de\/aktualnosci\/grupa-designall-na-kongresie-przyszlosci\/#respond\"]}]},{\"@type\":\"Person\",\"@id\":\"https:\/\/designall.pl\/de\/#\/schema\/person\/6336f84683672770dfccb95e1b21a08c\",\"name\":\"admin\",\"image\":{\"@type\":\"ImageObject\",\"inLanguage\":\"pl-PL\",\"@id\":\"https:\/\/designall.pl\/de\/#\/schema\/person\/image\/\",\"url\":\"https:\/\/secure.gravatar.com\/avatar\/4677eccc26cd593f3306dd9613f7e9c7?s=96&d=mm&r=g\",\"contentUrl\":\"https:\/\/secure.gravatar.com\/avatar\/4677eccc26cd593f3306dd9613f7e9c7?s=96&d=mm&r=g\",\"caption\":\"admin\"},\"url\":\"https:\/\/designall.pl\/de\/author\/admin\/\"}]}<\/script>\n<!-- \/ Yoast SEO plugin. -->","yoast_head_json":{"title":"Grupa Designall na Kongresie Przysz\u0142o\u015bci - Designall Investitionsmanagement Olsztyn, Immobilien, Ausf\u00fchrung, OZE","robots":{"index":"index","follow":"follow","max-snippet":"max-snippet:-1","max-image-preview":"max-image-preview:large","max-video-preview":"max-video-preview:-1"},"canonical":"https:\/\/designall.pl\/de\/aktualnosci\/grupa-designall-na-kongresie-przyszlosci\/","og_locale":"pl_PL","og_type":"article","og_title":"Grupa Designall na Kongresie Przysz\u0142o\u015bci - Designall Investitionsmanagement Olsztyn, Immobilien, Ausf\u00fchrung, OZE","og_description":"16 maja 2023 r. odby\u0142a si\u0119 VII edycja Kongresu Przysz\u0142o\u015bci. Dla Grupy, okazja do wymiany do\u015bwiadcze\u0144 i wiedzy mi\u0119dzy nauk\u0105, biznesem i samorz\u0105dem.","og_url":"https:\/\/designall.pl\/de\/aktualnosci\/grupa-designall-na-kongresie-przyszlosci\/","og_site_name":"Designall Investitionsmanagement Olsztyn, Immobilien, Ausf\u00fchrung, OZE","article_published_time":"2023-05-19T08:06:02+00:00","article_modified_time":"2023-05-19T08:14:35+00:00","og_image":[{"width":1400,"height":1050,"url":"https:\/\/designall.pl\/de\/wp-content\/uploads\/2023\/05\/miniatura-na-1-str.jpg","type":"image\/jpeg"}],"author":"admin","twitter_card":"summary","twitter_misc":{"Napisane przez":"admin","Szacowany czas czytania":"1 minuta"},"schema":{"@context":"https:\/\/schema.org","@graph":[{"@type":"Organization","@id":"https:\/\/designall.pl\/de\/#organization","name":"Designall Investitionsmanagement Olsztyn, Immobilien, Ausf\u00fchrung, OZE","url":"https:\/\/designall.pl\/de\/","sameAs":[],"logo":{"@type":"ImageObject","inLanguage":"pl-PL","@id":"https:\/\/designall.pl\/de\/#\/schema\/logo\/image\/","url":"","contentUrl":"","caption":"Designall Investitionsmanagement Olsztyn, Immobilien, Ausf\u00fchrung, OZE"},"image":{"@id":"https:\/\/designall.pl\/de\/#\/schema\/logo\/image\/"}},{"@type":"WebSite","@id":"https:\/\/designall.pl\/de\/#website","url":"https:\/\/designall.pl\/de\/","name":"Designall Investitionsmanagement Olsztyn, Immobilien, Ausf\u00fchrung, OZE","description":"Die DESIGNALL Group ist ein modernes Architekturdesignstudio, das sich auf zeitlose, funktionale, \u00e4sthetische und einzigartige L\u00f6sungen konzentriert.","publisher":{"@id":"https:\/\/designall.pl\/de\/#organization"},"potentialAction":[{"@type":"SearchAction","target":{"@type":"EntryPoint","urlTemplate":"https:\/\/designall.pl\/de\/?s={search_term_string}"},"query-input":"required name=search_term_string"}],"inLanguage":"pl-PL"},{"@type":"ImageObject","inLanguage":"pl-PL","@id":"https:\/\/designall.pl\/de\/aktualnosci\/grupa-designall-na-kongresie-przyszlosci\/#primaryimage","url":"https:\/\/designall.pl\/de\/wp-content\/uploads\/2023\/05\/miniatura-na-1-str.jpg","contentUrl":"https:\/\/designall.pl\/de\/wp-content\/uploads\/2023\/05\/miniatura-na-1-str.jpg","width":1400,"height":1050},{"@type":"WebPage","@id":"https:\/\/designall.pl\/de\/aktualnosci\/grupa-designall-na-kongresie-przyszlosci\/","url":"https:\/\/designall.pl\/de\/aktualnosci\/grupa-designall-na-kongresie-przyszlosci\/","name":"Grupa Designall na Kongresie Przysz\u0142o\u015bci - Designall Investitionsmanagement Olsztyn, Immobilien, Ausf\u00fchrung, OZE","isPartOf":{"@id":"https:\/\/designall.pl\/de\/#website"},"primaryImageOfPage":{"@id":"https:\/\/designall.pl\/de\/aktualnosci\/grupa-designall-na-kongresie-przyszlosci\/#primaryimage"},"datePublished":"2023-05-19T08:06:02+00:00","dateModified":"2023-05-19T08:14:35+00:00","breadcrumb":{"@id":"https:\/\/designall.pl\/de\/aktualnosci\/grupa-designall-na-kongresie-przyszlosci\/#breadcrumb"},"inLanguage":"pl-PL","potentialAction":[{"@type":"ReadAction","target":["https:\/\/designall.pl\/de\/aktualnosci\/grupa-designall-na-kongresie-przyszlosci\/"]}]},{"@type":"BreadcrumbList","@id":"https:\/\/designall.pl\/de\/aktualnosci\/grupa-designall-na-kongresie-przyszlosci\/#breadcrumb","itemListElement":[{"@type":"ListItem","position":1,"name":"Strona g\u0142\u00f3wna","item":"https:\/\/designall.pl\/de\/"},{"@type":"ListItem","position":2,"name":"Aktuelles","item":"https:\/\/designall.pl\/de\/aktualnosci\/"},{"@type":"ListItem","position":3,"name":"Grupa Designall na Kongresie Przysz\u0142o\u015bci"}]},{"@type":"Article","@id":"https:\/\/designall.pl\/de\/aktualnosci\/grupa-designall-na-kongresie-przyszlosci\/#article","isPartOf":{"@id":"https:\/\/designall.pl\/de\/aktualnosci\/grupa-designall-na-kongresie-przyszlosci\/"},"author":{"name":"admin","@id":"https:\/\/designall.pl\/de\/#\/schema\/person\/6336f84683672770dfccb95e1b21a08c"},"headline":"Grupa Designall na Kongresie Przysz\u0142o\u015bci","datePublished":"2023-05-19T08:06:02+00:00","dateModified":"2023-05-19T08:14:35+00:00","mainEntityOfPage":{"@id":"https:\/\/designall.pl\/de\/aktualnosci\/grupa-designall-na-kongresie-przyszlosci\/"},"wordCount":323,"commentCount":0,"publisher":{"@id":"https:\/\/designall.pl\/de\/#organization"},"image":{"@id":"https:\/\/designall.pl\/de\/aktualnosci\/grupa-designall-na-kongresie-przyszlosci\/#primaryimage"},"thumbnailUrl":"https:\/\/designall.pl\/de\/wp-content\/uploads\/2023\/05\/miniatura-na-1-str.jpg","articleSection":["Aktuelles"],"inLanguage":"pl-PL","potentialAction":[{"@type":"CommentAction","name":"Comment","target":["https:\/\/designall.pl\/de\/aktualnosci\/grupa-designall-na-kongresie-przyszlosci\/#respond"]}]},{"@type":"Person","@id":"https:\/\/designall.pl\/de\/#\/schema\/person\/6336f84683672770dfccb95e1b21a08c","name":"admin","image":{"@type":"ImageObject","inLanguage":"pl-PL","@id":"https:\/\/designall.pl\/de\/#\/schema\/person\/image\/","url":"https:\/\/secure.gravatar.com\/avatar\/4677eccc26cd593f3306dd9613f7e9c7?s=96&d=mm&r=g","contentUrl":"https:\/\/secure.gravatar.com\/avatar\/4677eccc26cd593f3306dd9613f7e9c7?s=96&d=mm&r=g","caption":"admin"},"url":"https:\/\/designall.pl\/de\/author\/admin\/"}]}},"_links":{"self":[{"href":"https:\/\/designall.pl\/de\/wp-json\/wp\/v2\/posts\/16249"}],"collection":[{"href":"https:\/\/designall.pl\/de\/wp-json\/wp\/v2\/posts"}],"about":[{"href":"https:\/\/designall.pl\/de\/wp-json\/wp\/v2\/types\/post"}],"author":[{"embeddable":true,"href":"https:\/\/designall.pl\/de\/wp-json\/wp\/v2\/users\/1"}],"replies":[{"embeddable":true,"href":"https:\/\/designall.pl\/de\/wp-json\/wp\/v2\/comments?post=16249"}],"version-history":[{"count":7,"href":"https:\/\/designall.pl\/de\/wp-json\/wp\/v2\/posts\/16249\/revisions"}],"predecessor-version":[{"id":16261,"href":"https:\/\/designall.pl\/de\/wp-json\/wp\/v2\/posts\/16249\/revisions\/16261"}],"wp:featuredmedia":[{"embeddable":true,"href":"https:\/\/designall.pl\/de\/wp-json\/wp\/v2\/media\/16250"}],"wp:attachment":[{"href":"https:\/\/designall.pl\/de\/wp-json\/wp\/v2\/media?parent=16249"}],"wp:term":[{"taxonomy":"category","embeddable":true,"href":"https:\/\/designall.pl\/de\/wp-json\/wp\/v2\/categories?post=16249"},{"taxonomy":"post_tag","embeddable":true,"href":"https:\/\/designall.pl\/de\/wp-json\/wp\/v2\/tags?post=16249"}],"curies":[{"name":"wp","href":"https:\/\/api.w.org\/{rel}","templated":true}]}}